{"id":24881,"date":"2024-06-29T17:32:50","date_gmt":"2024-06-29T15:32:50","guid":{"rendered":"https:\/\/www.kuenstlervermittlung-berlin.com\/moderation-ifa-berlin\/"},"modified":"2024-06-30T17:03:05","modified_gmt":"2024-06-30T15:03:05","slug":"moderation-ifa-berlin","status":"publish","type":"post","link":"https:\/\/kuenstlervermittlung-berlin.h35.io\/en\/moderation-ifa-berlin\/","title":{"rendered":"Moderation IFA Berlin"},"content":{"rendered":"\n<p>IFA Berlin is one of the world&#8217;s leading trade fairs for consumer electronics and household appliances. To present your company in the best possible way at this important platform, professional trade fair moderation is essential. Our experienced moderators will ensure that your product presentations, workshops and discussions run smoothly and effectively.<\/p>\n\n<p>Why professional trade fair moderation is important at IFA Berlin:<\/p>\n\n<ul class=\"wp-block-list\">\n<li><strong>Fachkundige Pr\u00e4sentation:<\/strong> Unsere Moderatoren sind Experten in der Technik- und Elektronikbranche und k\u00f6nnen komplexe Produkte und Innovationen verst\u00e4ndlich und ansprechend pr\u00e4sentieren.<\/li>\n\n\n\n<li><strong>Publikumsbindung:<\/strong> Mit einer interaktiven und dynamischen Moderation halten wir das Interesse der Besucher hoch und f\u00f6rdern die Interaktion mit Ihrem Stand.<\/li>\n\n\n\n<li><strong>Markenimage:<\/strong> Eine professionelle Moderation st\u00e4rkt das Image Ihrer Marke und unterstreicht Ihre Position als Branchenf\u00fchrer.<\/li>\n\n\n\n<li><strong>Reibungslose Abl\u00e4ufe:<\/strong> Unsere Moderatoren koordinieren den Ablauf Ihrer Pr\u00e4sentationen und sorgen daf\u00fcr, dass alle Programmpunkte p\u00fcnktlich und effizient durchgef\u00fchrt werden.<\/li>\n<\/ul>\n\n<p>Our services for your trade fair presentation at IFA Berlin:<\/p>\n\n<ul class=\"wp-block-list\">\n<li><strong>Live-Moderation:<\/strong> Wir bieten kompetente Live-Moderation f\u00fcr Ihre Produktvorf\u00fchrungen, Diskussionsrunden und Pressekonferenzen.<\/li>\n\n\n\n<li><strong>Workshops und Seminare:<\/strong> Moderation von Fachworkshops und Seminaren, um Ihr Wissen und Ihre Expertise an ein interessiertes Fachpublikum weiterzugeben.<\/li>\n\n\n\n<li><strong>Publikumsinteraktion:<\/strong> Interaktive Sessions, Q&amp;A-Runden und Gewinnspiele, um das Publikum aktiv einzubinden.<\/li>\n\n\n\n<li><strong>Mehrsprachige Moderation:<\/strong> Unsere Moderatoren sind in mehreren Sprachen versiert und k\u00f6nnen internationalem Publikum gerecht werden.<\/li>\n<\/ul>\n\n<p>Rely on professionalism and expertise for your trade fair moderation at IFA Berlin. Contact us today and secure the best presenters for your trade fair appearance. With our support, your stand will be the highlight of IFA Berlin!<\/p>\n\n<figure class=\"wp-block-image size-large\"><img fetchpriority=\"high\" decoding=\"async\" width=\"1024\" height=\"768\" src=\"https:\/\/kuenstlervermittlung-berlin.h35.io\/wp-content\/uploads\/2024\/06\/Messemoderation-Berlin-1024x768.jpeg\" alt=\"\" class=\"wp-image-24869\" srcset=\"https:\/\/kuenstlervermittlung-berlin.h35.io\/wp-content\/uploads\/2024\/06\/Messemoderation-Berlin-1024x768.jpeg 1024w, https:\/\/kuenstlervermittlung-berlin.h35.io\/wp-content\/uploads\/2024\/06\/Messemoderation-Berlin-300x225.jpeg 300w, https:\/\/kuenstlervermittlung-berlin.h35.io\/wp-content\/uploads\/2024\/06\/Messemoderation-Berlin-768x576.jpeg 768w, https:\/\/kuenstlervermittlung-berlin.h35.io\/wp-content\/uploads\/2024\/06\/Messemoderation-Berlin-1536x1152.jpeg 1536w, https:\/\/kuenstlervermittlung-berlin.h35.io\/wp-content\/uploads\/2024\/06\/Messemoderation-Berlin.jpeg 2048w\" sizes=\"(max-width: 1024px) 100vw, 1024px\" \/><\/figure>\n","protected":false},"excerpt":{"rendered":"<p>IFA Berlin is one of the world&#8217;s leading trade fairs for consumer electronics and household appliances. To present your company in the best possible way at this important platform, professional trade fair moderation is essential. Our experienced moderators will ensure that your product presentations, workshops and discussions run smoothly and effectively. Why professional trade fair [&hellip;]<\/p>\n","protected":false},"author":6,"featured_media":16697,"comment_status":"open","ping_status":"open","sticky":false,"template":"","format":"standard","meta":{"_acf_changed":false,"footnotes":""},"categories":[1318],"tags":[],"class_list":["post-24881","post","type-post","status-publish","format-standard","has-post-thumbnail","hentry","category-uncategorized"],"acf":[],"yoast_head":"<!-- This site is optimized with the Yoast SEO Premium plugin v26.0 (Yoast SEO v26.2) - https:\/\/yoast.com\/wordpress\/plugins\/seo\/ -->\n<title>Moderation IFA Berlin &#8211; Artist Agency Berlin<\/title>\n<meta name=\"description\" content=\"You can find professional trade fair moderation at IFA Berlin with us. Do you need a moderator who can act in different languages? Give us a call\" \/>\n<meta name=\"robots\" content=\"noindex, follow, max-snippet:-1, max-image-preview:large, max-video-preview:-1\" \/>\n<meta property=\"og:locale\" content=\"en_US\" \/>\n<meta property=\"og:type\" content=\"article\" \/>\n<meta property=\"og:title\" content=\"Moderation IFA Berlin\" \/>\n<meta property=\"og:description\" content=\"You can find professional trade fair moderation at IFA Berlin with us. Do you need a moderator who can act in different languages? Give us a call\" \/>\n<meta property=\"og:url\" content=\"https:\/\/kuenstlervermittlung-berlin.h35.io\/en\/moderation-ifa-berlin\/\" \/>\n<meta property=\"og:site_name\" content=\"Artist Agency Berlin\" \/>\n<meta property=\"article:publisher\" content=\"https:\/\/www.facebook.com\/FoeldessyEntertainment.GmbH\/\" \/>\n<meta property=\"article:published_time\" content=\"2024-06-29T15:32:50+00:00\" \/>\n<meta property=\"article:modified_time\" content=\"2024-06-30T15:03:05+00:00\" \/>\n<meta property=\"og:image\" content=\"https:\/\/kuenstlervermittlung-berlin.h35.io\/wp-content\/uploads\/2020\/11\/virtuelle-Moderation.jpeg\" \/>\n\t<meta property=\"og:image:width\" content=\"2048\" \/>\n\t<meta property=\"og:image:height\" content=\"1536\" \/>\n\t<meta property=\"og:image:type\" content=\"image\/jpeg\" \/>\n<meta name=\"author\" content=\"Ariadne F\u00f6ldessy\" \/>\n<meta name=\"twitter:card\" content=\"summary_large_image\" \/>\n<meta name=\"twitter:label1\" content=\"Written by\" \/>\n\t<meta name=\"twitter:data1\" content=\"Ariadne F\u00f6ldessy\" \/>\n\t<meta name=\"twitter:label2\" content=\"Est. reading time\" \/>\n\t<meta name=\"twitter:data2\" content=\"1 minute\" \/>\n<script type=\"application\/ld+json\" class=\"yoast-schema-graph\">{\"@context\":\"https:\/\/schema.org\",\"@graph\":[{\"@type\":\"Article\",\"@id\":\"https:\/\/kuenstlervermittlung-berlin.h35.io\/en\/moderation-ifa-berlin\/#article\",\"isPartOf\":{\"@id\":\"https:\/\/kuenstlervermittlung-berlin.h35.io\/en\/moderation-ifa-berlin\/\"},\"author\":{\"name\":\"Ariadne F\u00f6ldessy\",\"@id\":\"https:\/\/kuenstlervermittlung-berlin.h35.io\/en\/#\/schema\/person\/ddf97b72c2c49dec156c343fe72a46c2\"},\"headline\":\"Moderation IFA Berlin\",\"datePublished\":\"2024-06-29T15:32:50+00:00\",\"dateModified\":\"2024-06-30T15:03:05+00:00\",\"mainEntityOfPage\":{\"@id\":\"https:\/\/kuenstlervermittlung-berlin.h35.io\/en\/moderation-ifa-berlin\/\"},\"wordCount\":263,\"commentCount\":0,\"publisher\":{\"@id\":\"https:\/\/kuenstlervermittlung-berlin.h35.io\/en\/#organization\"},\"image\":{\"@id\":\"https:\/\/kuenstlervermittlung-berlin.h35.io\/en\/moderation-ifa-berlin\/#primaryimage\"},\"thumbnailUrl\":\"https:\/\/kuenstlervermittlung-berlin.h35.io\/wp-content\/uploads\/2020\/11\/virtuelle-Moderation.jpeg\",\"inLanguage\":\"en-US\",\"potentialAction\":[{\"@type\":\"CommentAction\",\"name\":\"Comment\",\"target\":[\"https:\/\/kuenstlervermittlung-berlin.h35.io\/en\/moderation-ifa-berlin\/#respond\"]}]},{\"@type\":\"WebPage\",\"@id\":\"https:\/\/kuenstlervermittlung-berlin.h35.io\/en\/moderation-ifa-berlin\/\",\"url\":\"https:\/\/kuenstlervermittlung-berlin.h35.io\/en\/moderation-ifa-berlin\/\",\"name\":\"Moderation IFA Berlin &#8211; Artist Agency Berlin\",\"isPartOf\":{\"@id\":\"https:\/\/kuenstlervermittlung-berlin.h35.io\/en\/#website\"},\"primaryImageOfPage\":{\"@id\":\"https:\/\/kuenstlervermittlung-berlin.h35.io\/en\/moderation-ifa-berlin\/#primaryimage\"},\"image\":{\"@id\":\"https:\/\/kuenstlervermittlung-berlin.h35.io\/en\/moderation-ifa-berlin\/#primaryimage\"},\"thumbnailUrl\":\"https:\/\/kuenstlervermittlung-berlin.h35.io\/wp-content\/uploads\/2020\/11\/virtuelle-Moderation.jpeg\",\"datePublished\":\"2024-06-29T15:32:50+00:00\",\"dateModified\":\"2024-06-30T15:03:05+00:00\",\"description\":\"You can find professional trade fair moderation at IFA Berlin with us. Do you need a moderator who can act in different languages? Give us a call\",\"breadcrumb\":{\"@id\":\"https:\/\/kuenstlervermittlung-berlin.h35.io\/en\/moderation-ifa-berlin\/#breadcrumb\"},\"inLanguage\":\"en-US\",\"potentialAction\":[{\"@type\":\"ReadAction\",\"target\":[\"https:\/\/kuenstlervermittlung-berlin.h35.io\/en\/moderation-ifa-berlin\/\"]}]},{\"@type\":\"ImageObject\",\"inLanguage\":\"en-US\",\"@id\":\"https:\/\/kuenstlervermittlung-berlin.h35.io\/en\/moderation-ifa-berlin\/#primaryimage\",\"url\":\"https:\/\/kuenstlervermittlung-berlin.h35.io\/wp-content\/uploads\/2020\/11\/virtuelle-Moderation.jpeg\",\"contentUrl\":\"https:\/\/kuenstlervermittlung-berlin.h35.io\/wp-content\/uploads\/2020\/11\/virtuelle-Moderation.jpeg\",\"width\":2048,\"height\":1536,\"caption\":\"virtuelle Messe Moderation\"},{\"@type\":\"BreadcrumbList\",\"@id\":\"https:\/\/kuenstlervermittlung-berlin.h35.io\/en\/moderation-ifa-berlin\/#breadcrumb\",\"itemListElement\":[{\"@type\":\"ListItem\",\"position\":1,\"name\":\"Startseite\",\"item\":\"https:\/\/kuenstlervermittlung-berlin.h35.io\/en\/\"},{\"@type\":\"ListItem\",\"position\":2,\"name\":\"Moderation IFA Berlin\"}]},{\"@type\":\"WebSite\",\"@id\":\"https:\/\/kuenstlervermittlung-berlin.h35.io\/en\/#website\",\"url\":\"https:\/\/kuenstlervermittlung-berlin.h35.io\/en\/\",\"name\":\"K\u00fcnstlervermittlung Berlin\",\"description\":\"book artists and musicians\",\"publisher\":{\"@id\":\"https:\/\/kuenstlervermittlung-berlin.h35.io\/en\/#organization\"},\"alternateName\":\"KB\",\"potentialAction\":[{\"@type\":\"SearchAction\",\"target\":{\"@type\":\"EntryPoint\",\"urlTemplate\":\"https:\/\/kuenstlervermittlung-berlin.h35.io\/en\/?s={search_term_string}\"},\"query-input\":{\"@type\":\"PropertyValueSpecification\",\"valueRequired\":true,\"valueName\":\"search_term_string\"}}],\"inLanguage\":\"en-US\"},{\"@type\":\"Organization\",\"@id\":\"https:\/\/kuenstlervermittlung-berlin.h35.io\/en\/#organization\",\"name\":\"Kuenstleragentur-Berlin\",\"alternateName\":\"Kuenstlervermittlung-Berlin\",\"url\":\"https:\/\/kuenstlervermittlung-berlin.h35.io\/en\/\",\"logo\":{\"@type\":\"ImageObject\",\"inLanguage\":\"en-US\",\"@id\":\"https:\/\/kuenstlervermittlung-berlin.h35.io\/en\/#\/schema\/logo\/image\/\",\"url\":\"https:\/\/kuenstlervermittlung-berlin.h35.io\/wp-content\/uploads\/2024\/02\/partybands-Berlin-kuenstlervermittlung-berlin.jpg\",\"contentUrl\":\"https:\/\/kuenstlervermittlung-berlin.h35.io\/wp-content\/uploads\/2024\/02\/partybands-Berlin-kuenstlervermittlung-berlin.jpg\",\"width\":1600,\"height\":814,\"caption\":\"Kuenstleragentur-Berlin\"},\"image\":{\"@id\":\"https:\/\/kuenstlervermittlung-berlin.h35.io\/en\/#\/schema\/logo\/image\/\"},\"sameAs\":[\"https:\/\/www.facebook.com\/FoeldessyEntertainment.GmbH\/\",\"https:\/\/www.instagram.com\/ariadnefoeldessy\/\",\"https:\/\/www.linkedin.com\/in\/ariadne-f\u00f6ldessy-12a23029\/\"],\"description\":\"Kuenstlervermittlung-Berlin wir organisieren Veranstaltungen in ganz Deutschland und Europa. Wir vermitteln Musiker, Artisten, Showakrobaten, Partybdans, Jazzbands, Lounge-Bands,Chill-out-bands, 20er Jahre Shows, Vintage-Shows, Great Gatsby-Shows , Street-Style-Shows, LED-Shows, Bayrische Bands, Oktoberfestband, Jazzbands, DJ, Djane, Comedy K\u00fcnstler, A Capella K\u00fcnstler f\u00fcr Firmenevents, MItarbeiterpartys, Cocktailempfang, Gebutstagsfeiern, Hochzeiten, internationale Kongresse, Messepartys und Messeshows.\",\"email\":\"show@show.gmbh\",\"telephone\":\"+4933203820910\",\"legalName\":\"GmbH\",\"foundingDate\":\"1997-09-18\",\"vatID\":\"DE177317523\",\"taxID\":\"46\/105\/05150\",\"numberOfEmployees\":{\"@type\":\"QuantitativeValue\",\"minValue\":\"1\",\"maxValue\":\"10\"}},{\"@type\":\"Person\",\"@id\":\"https:\/\/kuenstlervermittlung-berlin.h35.io\/en\/#\/schema\/person\/ddf97b72c2c49dec156c343fe72a46c2\",\"name\":\"Ariadne F\u00f6ldessy\",\"image\":{\"@type\":\"ImageObject\",\"inLanguage\":\"en-US\",\"@id\":\"https:\/\/kuenstlervermittlung-berlin.h35.io\/en\/#\/schema\/person\/image\/\",\"url\":\"https:\/\/secure.gravatar.com\/avatar\/2c14d903f46af2f74339c4f016b7aceb0740a3601bd5e1d592e363bef1baf9b1?s=96&d=mm&r=g\",\"contentUrl\":\"https:\/\/secure.gravatar.com\/avatar\/2c14d903f46af2f74339c4f016b7aceb0740a3601bd5e1d592e363bef1baf9b1?s=96&d=mm&r=g\",\"caption\":\"Ariadne F\u00f6ldessy\"}}]}<\/script>\n<!-- \/ Yoast SEO Premium plugin. -->","yoast_head_json":{"title":"Moderation IFA Berlin &#8211; Artist Agency Berlin","description":"You can find professional trade fair moderation at IFA Berlin with us. Do you need a moderator who can act in different languages? Give us a call","robots":{"index":"noindex","follow":"follow","max-snippet":"max-snippet:-1","max-image-preview":"max-image-preview:large","max-video-preview":"max-video-preview:-1"},"og_locale":"en_US","og_type":"article","og_title":"Moderation IFA Berlin","og_description":"You can find professional trade fair moderation at IFA Berlin with us. Do you need a moderator who can act in different languages? Give us a call","og_url":"https:\/\/kuenstlervermittlung-berlin.h35.io\/en\/moderation-ifa-berlin\/","og_site_name":"Artist Agency Berlin","article_publisher":"https:\/\/www.facebook.com\/FoeldessyEntertainment.GmbH\/","article_published_time":"2024-06-29T15:32:50+00:00","article_modified_time":"2024-06-30T15:03:05+00:00","og_image":[{"width":2048,"height":1536,"url":"https:\/\/kuenstlervermittlung-berlin.h35.io\/wp-content\/uploads\/2020\/11\/virtuelle-Moderation.jpeg","type":"image\/jpeg"}],"author":"Ariadne F\u00f6ldessy","twitter_card":"summary_large_image","twitter_misc":{"Written by":"Ariadne F\u00f6ldessy","Est. reading time":"1 minute"},"schema":{"@context":"https:\/\/schema.org","@graph":[{"@type":"Article","@id":"https:\/\/kuenstlervermittlung-berlin.h35.io\/en\/moderation-ifa-berlin\/#article","isPartOf":{"@id":"https:\/\/kuenstlervermittlung-berlin.h35.io\/en\/moderation-ifa-berlin\/"},"author":{"name":"Ariadne F\u00f6ldessy","@id":"https:\/\/kuenstlervermittlung-berlin.h35.io\/en\/#\/schema\/person\/ddf97b72c2c49dec156c343fe72a46c2"},"headline":"Moderation IFA Berlin","datePublished":"2024-06-29T15:32:50+00:00","dateModified":"2024-06-30T15:03:05+00:00","mainEntityOfPage":{"@id":"https:\/\/kuenstlervermittlung-berlin.h35.io\/en\/moderation-ifa-berlin\/"},"wordCount":263,"commentCount":0,"publisher":{"@id":"https:\/\/kuenstlervermittlung-berlin.h35.io\/en\/#organization"},"image":{"@id":"https:\/\/kuenstlervermittlung-berlin.h35.io\/en\/moderation-ifa-berlin\/#primaryimage"},"thumbnailUrl":"https:\/\/kuenstlervermittlung-berlin.h35.io\/wp-content\/uploads\/2020\/11\/virtuelle-Moderation.jpeg","inLanguage":"en-US","potentialAction":[{"@type":"CommentAction","name":"Comment","target":["https:\/\/kuenstlervermittlung-berlin.h35.io\/en\/moderation-ifa-berlin\/#respond"]}]},{"@type":"WebPage","@id":"https:\/\/kuenstlervermittlung-berlin.h35.io\/en\/moderation-ifa-berlin\/","url":"https:\/\/kuenstlervermittlung-berlin.h35.io\/en\/moderation-ifa-berlin\/","name":"Moderation IFA Berlin &#8211; Artist Agency Berlin","isPartOf":{"@id":"https:\/\/kuenstlervermittlung-berlin.h35.io\/en\/#website"},"primaryImageOfPage":{"@id":"https:\/\/kuenstlervermittlung-berlin.h35.io\/en\/moderation-ifa-berlin\/#primaryimage"},"image":{"@id":"https:\/\/kuenstlervermittlung-berlin.h35.io\/en\/moderation-ifa-berlin\/#primaryimage"},"thumbnailUrl":"https:\/\/kuenstlervermittlung-berlin.h35.io\/wp-content\/uploads\/2020\/11\/virtuelle-Moderation.jpeg","datePublished":"2024-06-29T15:32:50+00:00","dateModified":"2024-06-30T15:03:05+00:00","description":"You can find professional trade fair moderation at IFA Berlin with us. Do you need a moderator who can act in different languages? Give us a call","breadcrumb":{"@id":"https:\/\/kuenstlervermittlung-berlin.h35.io\/en\/moderation-ifa-berlin\/#breadcrumb"},"inLanguage":"en-US","potentialAction":[{"@type":"ReadAction","target":["https:\/\/kuenstlervermittlung-berlin.h35.io\/en\/moderation-ifa-berlin\/"]}]},{"@type":"ImageObject","inLanguage":"en-US","@id":"https:\/\/kuenstlervermittlung-berlin.h35.io\/en\/moderation-ifa-berlin\/#primaryimage","url":"https:\/\/kuenstlervermittlung-berlin.h35.io\/wp-content\/uploads\/2020\/11\/virtuelle-Moderation.jpeg","contentUrl":"https:\/\/kuenstlervermittlung-berlin.h35.io\/wp-content\/uploads\/2020\/11\/virtuelle-Moderation.jpeg","width":2048,"height":1536,"caption":"virtuelle Messe Moderation"},{"@type":"BreadcrumbList","@id":"https:\/\/kuenstlervermittlung-berlin.h35.io\/en\/moderation-ifa-berlin\/#breadcrumb","itemListElement":[{"@type":"ListItem","position":1,"name":"Startseite","item":"https:\/\/kuenstlervermittlung-berlin.h35.io\/en\/"},{"@type":"ListItem","position":2,"name":"Moderation IFA Berlin"}]},{"@type":"WebSite","@id":"https:\/\/kuenstlervermittlung-berlin.h35.io\/en\/#website","url":"https:\/\/kuenstlervermittlung-berlin.h35.io\/en\/","name":"K\u00fcnstlervermittlung Berlin","description":"book artists and musicians","publisher":{"@id":"https:\/\/kuenstlervermittlung-berlin.h35.io\/en\/#organization"},"alternateName":"KB","potentialAction":[{"@type":"SearchAction","target":{"@type":"EntryPoint","urlTemplate":"https:\/\/kuenstlervermittlung-berlin.h35.io\/en\/?s={search_term_string}"},"query-input":{"@type":"PropertyValueSpecification","valueRequired":true,"valueName":"search_term_string"}}],"inLanguage":"en-US"},{"@type":"Organization","@id":"https:\/\/kuenstlervermittlung-berlin.h35.io\/en\/#organization","name":"Kuenstleragentur-Berlin","alternateName":"Kuenstlervermittlung-Berlin","url":"https:\/\/kuenstlervermittlung-berlin.h35.io\/en\/","logo":{"@type":"ImageObject","inLanguage":"en-US","@id":"https:\/\/kuenstlervermittlung-berlin.h35.io\/en\/#\/schema\/logo\/image\/","url":"https:\/\/kuenstlervermittlung-berlin.h35.io\/wp-content\/uploads\/2024\/02\/partybands-Berlin-kuenstlervermittlung-berlin.jpg","contentUrl":"https:\/\/kuenstlervermittlung-berlin.h35.io\/wp-content\/uploads\/2024\/02\/partybands-Berlin-kuenstlervermittlung-berlin.jpg","width":1600,"height":814,"caption":"Kuenstleragentur-Berlin"},"image":{"@id":"https:\/\/kuenstlervermittlung-berlin.h35.io\/en\/#\/schema\/logo\/image\/"},"sameAs":["https:\/\/www.facebook.com\/FoeldessyEntertainment.GmbH\/","https:\/\/www.instagram.com\/ariadnefoeldessy\/","https:\/\/www.linkedin.com\/in\/ariadne-f\u00f6ldessy-12a23029\/"],"description":"Kuenstlervermittlung-Berlin wir organisieren Veranstaltungen in ganz Deutschland und Europa. Wir vermitteln Musiker, Artisten, Showakrobaten, Partybdans, Jazzbands, Lounge-Bands,Chill-out-bands, 20er Jahre Shows, Vintage-Shows, Great Gatsby-Shows , Street-Style-Shows, LED-Shows, Bayrische Bands, Oktoberfestband, Jazzbands, DJ, Djane, Comedy K\u00fcnstler, A Capella K\u00fcnstler f\u00fcr Firmenevents, MItarbeiterpartys, Cocktailempfang, Gebutstagsfeiern, Hochzeiten, internationale Kongresse, Messepartys und Messeshows.","email":"show@show.gmbh","telephone":"+4933203820910","legalName":"GmbH","foundingDate":"1997-09-18","vatID":"DE177317523","taxID":"46\/105\/05150","numberOfEmployees":{"@type":"QuantitativeValue","minValue":"1","maxValue":"10"}},{"@type":"Person","@id":"https:\/\/kuenstlervermittlung-berlin.h35.io\/en\/#\/schema\/person\/ddf97b72c2c49dec156c343fe72a46c2","name":"Ariadne F\u00f6ldessy","image":{"@type":"ImageObject","inLanguage":"en-US","@id":"https:\/\/kuenstlervermittlung-berlin.h35.io\/en\/#\/schema\/person\/image\/","url":"https:\/\/secure.gravatar.com\/avatar\/2c14d903f46af2f74339c4f016b7aceb0740a3601bd5e1d592e363bef1baf9b1?s=96&d=mm&r=g","contentUrl":"https:\/\/secure.gravatar.com\/avatar\/2c14d903f46af2f74339c4f016b7aceb0740a3601bd5e1d592e363bef1baf9b1?s=96&d=mm&r=g","caption":"Ariadne F\u00f6ldessy"}}]}},"_links":{"self":[{"href":"https:\/\/kuenstlervermittlung-berlin.h35.io\/en\/wp-json\/wp\/v2\/posts\/24881","targetHints":{"allow":["GET"]}}],"collection":[{"href":"https:\/\/kuenstlervermittlung-berlin.h35.io\/en\/wp-json\/wp\/v2\/posts"}],"about":[{"href":"https:\/\/kuenstlervermittlung-berlin.h35.io\/en\/wp-json\/wp\/v2\/types\/post"}],"author":[{"embeddable":true,"href":"https:\/\/kuenstlervermittlung-berlin.h35.io\/en\/wp-json\/wp\/v2\/users\/6"}],"replies":[{"embeddable":true,"href":"https:\/\/kuenstlervermittlung-berlin.h35.io\/en\/wp-json\/wp\/v2\/comments?post=24881"}],"version-history":[{"count":5,"href":"https:\/\/kuenstlervermittlung-berlin.h35.io\/en\/wp-json\/wp\/v2\/posts\/24881\/revisions"}],"predecessor-version":[{"id":24889,"href":"https:\/\/kuenstlervermittlung-berlin.h35.io\/en\/wp-json\/wp\/v2\/posts\/24881\/revisions\/24889"}],"wp:featuredmedia":[{"embeddable":true,"href":"https:\/\/kuenstlervermittlung-berlin.h35.io\/en\/wp-json\/wp\/v2\/media\/16697"}],"wp:attachment":[{"href":"https:\/\/kuenstlervermittlung-berlin.h35.io\/en\/wp-json\/wp\/v2\/media?parent=24881"}],"wp:term":[{"taxonomy":"category","embeddable":true,"href":"https:\/\/kuenstlervermittlung-berlin.h35.io\/en\/wp-json\/wp\/v2\/categories?post=24881"},{"taxonomy":"post_tag","embeddable":true,"href":"https:\/\/kuenstlervermittlung-berlin.h35.io\/en\/wp-json\/wp\/v2\/tags?post=24881"}],"curies":[{"name":"wp","href":"https:\/\/api.w.org\/{rel}","templated":true}]}}